{"id":8461,"date":"2018-10-02T11:31:50","date_gmt":"2018-10-02T10:31:50","guid":{"rendered":"https:\/\/www.florencemusiciltrillo.com\/?p=8461"},"modified":"2018-10-29T15:45:28","modified_gmt":"2018-10-29T14:45:28","slug":"maria-costanza-nocentini","status":"publish","type":"post","link":"https:\/\/www.florencemusiciltrillo.com\/ko\/maria-costanza-nocentini\/","title":{"rendered":"MARIA COSTANZA NOCENTINI &#8211; CANTO LIRICO"},"content":{"rendered":"<p><img loading=\"lazy\" decoding=\"async\" class=\" wp-image-8462 alignleft\" src=\"https:\/\/www.florencemusiciltrillo.com\/wp-content\/uploads\/2018\/10\/Ritratti-colore-originali-018-199x300.jpg\" alt=\"\" width=\"270\" height=\"407\" \/>Born in Florence, Maria Costanza Nocentini studied with Suzanne Danco and graduated \u201ccum laude\u201d at the G. B. Martini Conservatory of Bologna. After her diploma she took part in a Mozart project managed by Claudio Desderi making her debuts in the roles of Despina in Cos\u00ec fan tutte, Susanna in Le nozze di Figaro and Zerlina in Don Giovanni.<\/p>\n<p>Winner of the 1992 edition of the \u00abToti Dal Monte\u00bb Competition and of the International \u00abViotti\u00bb Competition 1992 in Vercelli, Maria Costanza Nocentini has also received a special prize for the best Rossini interpretation and the special \u00abMiguel Cervantes\u00bb prize at the \u00abFrancesco Vi\u00f1as\u00bb Competition 1992 in Barcelona.<\/p>\n<p>Since her debuts, Maria Costanza Nocentini has been invited by some of the most important theatrical institutions in Italy (Teatro alla Scala, Teatro Regio di Torino, Teatro Valli di Reggio Emilia, Teatro di San Carlo di Napoli, Teatro Regio di Parma, Teatro dell\u2019Opera di Roma, Teatro Comunale di Bologna, Teatro La Fenice di Venezia, Teatro Comunale di Firenze, Teatro Carlo Felice di Genova, Teatro Verdi di Trieste, Teatro Massimo di Palermo, Spoleto Festival, Festival of Martina Franca, Festival of Cremona), and abroad (among them, the Th\u00e9\u00e2tre des Champs Elys\u00e9es, New Israeli Opera, Salzburg Festival, Bayerischer Staatsoper, Teatro Municipal in Santiago, Chile, Wiener Staatsoper, Scottish Opera of Glasgow, Op\u00e9ra de Nice, Teatro de La Maestranza in Seville, Glyndebourne Festival Opera, Tokyo Japan Opera Foundation, New Zealand Opera,Opernahus in Zurich, Stockholm Royal Opera, Malmoe Opera).<\/p>\n<p>She has appeared in the main soprano roles in such operas as <em>Il turco in Italia, La scala di seta, L\u2019occasione fa il ladro,La Visita Meravigliosa<\/em> by Nino Rota, <em>Die Zauberfl\u00f6te<\/em>, <em>L\u2019elisir d\u2019amore,<\/em> <em>Werther,<\/em> <em>Le convenienze e inconvenienze teatrali,<\/em> <em>Aci e Galatea<\/em>, <em>Le cinesi, La princesse jaune<\/em> by Saint-Sa\u00ebns, <em>Rinaldo<\/em>, <em>Lucia di Lammermoor<\/em>, <em>Le nozze di Figaro,<\/em> <em>Semele, La Boh\u00e8me<\/em>, <em>La gazza ladra<\/em>, <em>Orfeo ed Euridice, Falstaff, L\u2019incoronazione di Poppea, Don Pasquale, Il matrimonio segreto, Rigoletto, La figlia del reggimento, Oedipe, Don Giovanni, Traviata, Maria Stuarda, Luisa Miller.<\/em><\/p>\n<p>On the concert side, she has performed with several important orchestras and musical institutions, such as the Festival International in Beaune, the Amici della Musica di Firenze, the Accademia Nazionale di Santa Cecilia di Roma, the Concertgebouw in Amsterdam, the Wiener Konzerthaus, the Festival Siglas de Oro of Madrid.<\/p>\n<p>During her concert and operatic activities, she has the chance to collaborate with such conductors as R. Alessandrini, M. Benini, F. Biondi, F. Br\u00fcggen, G. Carella, M. W. Chung, R. Clemencic, A. Davies, G. Gelmetti, M. Guidarini, C. Hogwood, L. Langr\u00e9e, L. Maazel, R. Muti, D. Oren, D. Parry, E. Pid\u00f2, C. Rousset, C. Rovaris, J. Tate, as well as with stage directors as P. Avati, F. Crivelli, A. Fassini, M. Hampe, N. Jo\u00ebl, P. L. Pizzi, L. Puggelli, J. Taymor, M. van Hoecke, G. Vick, H. Wernicke, F. Zeffirelli, Kaper Bech Holten.<\/p>\n<p>Her discography includes <em>Le convenienze ed inconvenienze teatrali<\/em> recorded for Ricordi, <em>La princesse jaune<\/em> by Saint-Sa\u00ebns for Chandos, and Mercadante\u2019s <em>Emma d\u2019Antiochia<\/em> on the Opera Rara label.<\/p>\n<p>From February 2012 she started to be singing teacher at the Conservatory of Music &#8220;G. Verdi&#8221; in Como, than \u201c F. Venezze\u201d in Rovigo, \u201cG. Martucci\u201d in Salerno and currently in Modena at \u201cVecchi-Tonelli\u201d.<\/p>\n","protected":false},"excerpt":{"rendered":"<p>Born in Florence, Maria Costanza Nocentini studied with Suzanne Danco and graduated \u201ccum laude\u201d at the G. B. Martini Conservatory of Bologna. After her diploma [&hellip;]<\/p>\n","protected":false},"author":2,"featured_media":8563,"comment_status":"open","ping_status":"open","sticky":false,"template":"","format":"standard","meta":{"footnotes":""},"categories":[142],"tags":[],"class_list":["post-8461","post","type-post","status-publish","format-standard","has-post-thumbnail","hentry","category-classical"],"_links":{"self":[{"href":"https:\/\/www.florencemusiciltrillo.com\/ko\/wp-json\/wp\/v2\/posts\/8461","targetHints":{"allow":["GET"]}}],"collection":[{"href":"https:\/\/www.florencemusiciltrillo.com\/ko\/wp-json\/wp\/v2\/posts"}],"about":[{"href":"https:\/\/www.florencemusiciltrillo.com\/ko\/wp-json\/wp\/v2\/types\/post"}],"author":[{"embeddable":true,"href":"https:\/\/www.florencemusiciltrillo.com\/ko\/wp-json\/wp\/v2\/users\/2"}],"replies":[{"embeddable":true,"href":"https:\/\/www.florencemusiciltrillo.com\/ko\/wp-json\/wp\/v2\/comments?post=8461"}],"version-history":[{"count":5,"href":"https:\/\/www.florencemusiciltrillo.com\/ko\/wp-json\/wp\/v2\/posts\/8461\/revisions"}],"predecessor-version":[{"id":8469,"href":"https:\/\/www.florencemusiciltrillo.com\/ko\/wp-json\/wp\/v2\/posts\/8461\/revisions\/8469"}],"wp:featuredmedia":[{"embeddable":true,"href":"https:\/\/www.florencemusiciltrillo.com\/ko\/wp-json\/wp\/v2\/media\/8563"}],"wp:attachment":[{"href":"https:\/\/www.florencemusiciltrillo.com\/ko\/wp-json\/wp\/v2\/media?parent=8461"}],"wp:term":[{"taxonomy":"category","embeddable":true,"href":"https:\/\/www.florencemusiciltrillo.com\/ko\/wp-json\/wp\/v2\/categories?post=8461"},{"taxonomy":"post_tag","embeddable":true,"href":"https:\/\/www.florencemusiciltrillo.com\/ko\/wp-json\/wp\/v2\/tags?post=8461"}],"curies":[{"name":"wp","href":"https:\/\/api.w.org\/{rel}","templated":true}]}}